{"id":7149,"date":"2016-03-31T11:24:57","date_gmt":"2016-03-31T09:24:57","guid":{"rendered":"http:\/\/www.covesdencimany.com\/gestor\/?p=7149"},"modified":"2016-03-31T11:24:57","modified_gmt":"2016-03-31T09:24:57","slug":"grups-interactius-a-p-3","status":"publish","type":"post","link":"https:\/\/www.covesdencimany.com\/coves24\/grups-interactius-a-p-3\/","title":{"rendered":"Grups interactius a P-3!"},"content":{"rendered":"<p>Hem comen\u00e7at els grups interactius a P-3.<\/p>\n<p><span class=\"st\"> Els <em>grups interactius<\/em> s\u00f3n agrupacions heterog\u00e8nies a l&#8217;aula on m\u00e9s d&#8217;un adult dinamitza el treball.<\/span> D&#8217;aquesta manera, amb mares volunt\u00e0ries i altres membres de l&#8217;escola, aconseguim portar a terme un treball en grup redu\u00eft, on els alumnes interactuen entre s\u00ed, amb la mediaci\u00f3 de l&#8217;adult, a fi d&#8217;aprendre millor.<\/p>\n<p>No nom\u00e9s aprenem continguts curriculars sin\u00f3 tamb\u00e9 h\u00e0bits socials i de treball, com respectar el torn de paraula, escoltar als altres, ajudar-nos, i divertir-nos alhora.<\/p>\n<p>Ha estat una experi\u00e8ncia molt recomanable!!!<a href=\"http:\/\/www.covesdencimany.com\/gestor\/wp-content\/uploads\/2016\/03\/DSC_0985.jpg\"><img fetchpriority=\"high\" decoding=\"async\" class=\"alignleft size-medium wp-image-7150\" src=\"http:\/\/www.covesdencimany.com\/gestor\/wp-content\/uploads\/2016\/03\/DSC_0985-300x169.jpg\" alt=\"DSC_0985\" width=\"300\" height=\"169\" \/><\/a> <a href=\"http:\/\/www.covesdencimany.com\/gestor\/wp-content\/uploads\/2016\/03\/DSC_0986.jpg\"><img decoding=\"async\" class=\"alignleft size-medium wp-image-7151 lazyload\" data-src=\"http:\/\/www.covesdencimany.com\/gestor\/wp-content\/uploads\/2016\/03\/DSC_0986-300x169.jpg\" alt=\"DSC_0986\" width=\"300\" height=\"169\" src=\"data:image\/svg+xml;base64,PHN2ZyB3aWR0aD0iMSIgaGVpZ2h0PSIxIiB4bWxucz0iaHR0cDovL3d3dy53My5vcmcvMjAwMC9zdmciPjwvc3ZnPg==\" style=\"--smush-placeholder-width: 300px; --smush-placeholder-aspect-ratio: 300\/169;\" \/><\/a> <a href=\"http:\/\/www.covesdencimany.com\/gestor\/wp-content\/uploads\/2016\/03\/DSC_0988.jpg\"><img decoding=\"async\" class=\"alignleft size-medium wp-image-7152 lazyload\" data-src=\"http:\/\/www.covesdencimany.com\/gestor\/wp-content\/uploads\/2016\/03\/DSC_0988-300x169.jpg\" alt=\"DSC_0988\" width=\"300\" height=\"169\" src=\"data:image\/svg+xml;base64,PHN2ZyB3aWR0aD0iMSIgaGVpZ2h0PSIxIiB4bWxucz0iaHR0cDovL3d3dy53My5vcmcvMjAwMC9zdmciPjwvc3ZnPg==\" style=\"--smush-placeholder-width: 300px; --smush-placeholder-aspect-ratio: 300\/169;\" \/><\/a> <a href=\"http:\/\/www.covesdencimany.com\/gestor\/wp-content\/uploads\/2016\/03\/DSC_0989.jpg\"><img decoding=\"async\" class=\"alignleft size-medium wp-image-7153 lazyload\" data-src=\"http:\/\/www.covesdencimany.com\/gestor\/wp-content\/uploads\/2016\/03\/DSC_0989-300x169.jpg\" alt=\"DSC_0989\" width=\"300\" height=\"169\" src=\"data:image\/svg+xml;base64,PHN2ZyB3aWR0aD0iMSIgaGVpZ2h0PSIxIiB4bWxucz0iaHR0cDovL3d3dy53My5vcmcvMjAwMC9zdmciPjwvc3ZnPg==\" style=\"--smush-placeholder-width: 300px; --smush-placeholder-aspect-ratio: 300\/169;\" \/><\/a><\/p>\n","protected":false},"excerpt":{"rendered":"<p>Hem comen\u00e7at els grups interactius a P-3. Els grups interactius s\u00f3n agrupacions heterog\u00e8nies a l&#8217;aula on m\u00e9s d&#8217;un adult dinamitza el treball. D&#8217;aquesta manera, amb mares volunt\u00e0ries i altres membres de l&#8217;escola, aconseguim portar a terme un treball en grup redu\u00eft, on els alumnes interactuen entre s\u00ed, amb la mediaci\u00f3 de l&#8217;adult, a fi d&#8217;aprendre &#8230;<\/p>\n","protected":false},"author":2,"featured_media":7153,"comment_status":"open","ping_status":"open","sticky":false,"template":"","format":"standard","meta":{"_acf_changed":false,"footnotes":""},"categories":[18],"tags":[],"class_list":["post-7149","post","type-post","status-publish","format-standard","has-post-thumbnail","hentry","category-ei"],"acf":{"photo_gallery":{"galeria_de_fotografies":[[]]}},"_links":{"self":[{"href":"https:\/\/www.covesdencimany.com\/coves24\/wp-json\/wp\/v2\/posts\/7149","targetHints":{"allow":["GET"]}}],"collection":[{"href":"https:\/\/www.covesdencimany.com\/coves24\/wp-json\/wp\/v2\/posts"}],"about":[{"href":"https:\/\/www.covesdencimany.com\/coves24\/wp-json\/wp\/v2\/types\/post"}],"author":[{"embeddable":true,"href":"https:\/\/www.covesdencimany.com\/coves24\/wp-json\/wp\/v2\/users\/2"}],"replies":[{"embeddable":true,"href":"https:\/\/www.covesdencimany.com\/coves24\/wp-json\/wp\/v2\/comments?post=7149"}],"version-history":[{"count":0,"href":"https:\/\/www.covesdencimany.com\/coves24\/wp-json\/wp\/v2\/posts\/7149\/revisions"}],"wp:featuredmedia":[{"embeddable":true,"href":"https:\/\/www.covesdencimany.com\/coves24\/wp-json\/"}],"wp:attachment":[{"href":"https:\/\/www.covesdencimany.com\/coves24\/wp-json\/wp\/v2\/media?parent=7149"}],"wp:term":[{"taxonomy":"category","embeddable":true,"href":"https:\/\/www.covesdencimany.com\/coves24\/wp-json\/wp\/v2\/categories?post=7149"},{"taxonomy":"post_tag","embeddable":true,"href":"https:\/\/www.covesdencimany.com\/coves24\/wp-json\/wp\/v2\/tags?post=7149"}],"curies":[{"name":"wp","href":"https:\/\/api.w.org\/{rel}","templated":true}]}}