{"id":3745,"date":"2014-02-17T15:33:49","date_gmt":"2014-02-17T14:33:49","guid":{"rendered":"http:\/\/www.covesdencimany.com\/gestor\/?p=3745"},"modified":"2014-02-17T15:33:49","modified_gmt":"2014-02-17T14:33:49","slug":"els-trets-didentitat-a-educacio-infantil2","status":"publish","type":"post","link":"https:\/\/www.covesdencimany.com\/coves24\/els-trets-didentitat-a-educacio-infantil2\/","title":{"rendered":"Els trets d&#8217;identitat a educaci\u00f3 infantil"},"content":{"rendered":"<p>L\u2019educaci\u00f3 infantil a la nostra escola t\u00e9 com a objectius el creixement harm\u00f2nic i feli\u00e7 dels infants que acull. La nostra finalitat \u00e9s educar, juntament amb les fam\u00edlies.<\/p>\n<p>La nostra l\u00ednia educativa est\u00e0 basada i fonamentada en les teories de molts mestres i pedagogs que hem anat coneixent dins del marc del constructivisme. La nostra metodologia de treball \u00e9s de caire actiu on l\u2019experimentaci\u00f3, l\u2019observaci\u00f3 i la manipulaci\u00f3 s\u00f3n l\u2019eix fonamental del desenvolupament de l\u2019infant. \u00c9s per aix\u00f2 que considerem que el joc \u00e9s la manera natural d\u2019aprendre. D\u2019aquesta manera l\u2019infant podr\u00e0 desenvolupar les seves capacitats socials, afectives, sensorials, motrius i d\u2019autonomia que li seran indispensables per al seu equilibri i desenvolupament posterior.<\/p>\n<p><a href=\"http:\/\/www.covesdencimany.com\/gestor\/wp-content\/uploads\/2014\/02\/Nens.jpg\"><img fetchpriority=\"high\" decoding=\"async\" class=\"alignleft size-medium wp-image-3730\" alt=\"Nens\" src=\"http:\/\/www.covesdencimany.com\/gestor\/wp-content\/uploads\/2014\/02\/Nens-300x225.jpg\" width=\"300\" height=\"225\" \/><\/a> <a href=\"http:\/\/www.covesdencimany.com\/gestor\/wp-content\/uploads\/2014\/02\/i-nenes.jpg\"><img decoding=\"async\" class=\"alignleft  wp-image-3731 lazyload\" alt=\"i nenes\" data-src=\"http:\/\/www.covesdencimany.com\/gestor\/wp-content\/uploads\/2014\/02\/i-nenes-169x300.jpg\" width=\"131\" height=\"232\" src=\"data:image\/svg+xml;base64,PHN2ZyB3aWR0aD0iMSIgaGVpZ2h0PSIxIiB4bWxucz0iaHR0cDovL3d3dy53My5vcmcvMjAwMC9zdmciPjwvc3ZnPg==\" style=\"--smush-placeholder-width: 131px; --smush-placeholder-aspect-ratio: 131\/232;\" \/><\/a><b>Nens i nenes d\u2019educaci\u00f3 infantil jugant al teatr\u00ed de l\u2019escola<\/b><\/p>\n<p>A la nostra escola es dona a cada infant un tracte individualitzat, respectant el seu ritme i el seu proc\u00e9s maduratiu.La llengua vehicular \u00e9s el catal\u00e0. La cultura catalana est\u00e0 present a la vida quotidiana de l\u2019escola. Aquest fet, per\u00f2, no implica no estar oberts a altres cultures i lleng\u00fces, sin\u00f3 al contrari, estem oberts a con\u00e8ixer noves realitats.<\/p>\n<p><a href=\"http:\/\/www.covesdencimany.com\/gestor\/wp-content\/uploads\/2014\/02\/Mares-P-5.jpg\"><img decoding=\"async\" class=\"alignleft size-medium wp-image-3732 lazyload\" alt=\"Mares P-5\" data-src=\"http:\/\/www.covesdencimany.com\/gestor\/wp-content\/uploads\/2014\/02\/Mares-P-5-300x225.jpg\" width=\"300\" height=\"225\" src=\"data:image\/svg+xml;base64,PHN2ZyB3aWR0aD0iMSIgaGVpZ2h0PSIxIiB4bWxucz0iaHR0cDovL3d3dy53My5vcmcvMjAwMC9zdmciPjwvc3ZnPg==\" style=\"--smush-placeholder-width: 300px; --smush-placeholder-aspect-ratio: 300\/225;\" \/><\/a><b>Mares de la classe de P-5 fent galetes amb els seus fills i filles<\/b><\/p>\n<p>Pensem que els nens i les nenes han de rebre una educaci\u00f3 no sexista encaminada a trencar rols masculins i femenins. Entenem l\u2019escola com una comunitat educativa i d\u2019aprenentatge en la qual hi participen activament les fam\u00edlies, mestres, infants i l\u2019entorn social. El paper de les fam\u00edlies \u00e9s molt important.<\/p>\n<p>La relaci\u00f3 entre fam\u00edlies i l\u2019escola est\u00e0 basada en el respecte i la confian\u00e7a mutus.<\/p>\n<p>Per a nosaltres \u00e9s molt important la comunicaci\u00f3 dia a dia amb les fam\u00edlies i la seva participaci\u00f3 i implicaci\u00f3 en el nostre projecte educatiu.<\/p>\n<p>A l\u2019escola som respectuosos amb els medi ambient i eduquem els infants en aquest respecte.<\/p>\n<p>Apropem la natura als infants i els iniciem en activitats de reciclatge. Tenim molt en compte la dimensi\u00f3 afectiva i emocional de l\u2019infant com a part fonamental del curr\u00edculum. Els infants s\u2019han de sentir estimats ja que un clima d\u2019afecte i suport emocional s\u00f3n imprescindibles per fer els seus propis aprenentatges.<\/p>\n<p>Som molt sensibles a l\u2019educaci\u00f3 en valors, aquells que transmetem als infants amb la nostra actitud di\u00e0ria, en el llenguatge i en l\u2019abordatge de conflictes. \u00c9s molt important transmetre dia a dia unes actituds positives no discriminat\u00f2ries que vagin encaminades a compartir amb els altres experi\u00e8ncies que ens faran cr\u00e9ixer com a persones.<\/p>\n<p><a href=\"http:\/\/www.covesdencimany.com\/gestor\/wp-content\/uploads\/2014\/02\/Hugo.jpg\"><img decoding=\"async\" class=\"alignleft size-medium wp-image-3735 lazyload\" alt=\"Hugo\" data-src=\"http:\/\/www.covesdencimany.com\/gestor\/wp-content\/uploads\/2014\/02\/Hugo-300x225.jpg\" width=\"300\" height=\"225\" src=\"data:image\/svg+xml;base64,PHN2ZyB3aWR0aD0iMSIgaGVpZ2h0PSIxIiB4bWxucz0iaHR0cDovL3d3dy53My5vcmcvMjAwMC9zdmciPjwvc3ZnPg==\" style=\"--smush-placeholder-width: 300px; --smush-placeholder-aspect-ratio: 300\/225;\" \/><\/a> <a href=\"http:\/\/www.covesdencimany.com\/gestor\/wp-content\/uploads\/2014\/02\/Joan.jpg\"><img decoding=\"async\" class=\"alignleft size-medium wp-image-3736 lazyload\" alt=\"Joan\" data-src=\"http:\/\/www.covesdencimany.com\/gestor\/wp-content\/uploads\/2014\/02\/Joan-300x168.jpg\" width=\"300\" height=\"168\" src=\"data:image\/svg+xml;base64,PHN2ZyB3aWR0aD0iMSIgaGVpZ2h0PSIxIiB4bWxucz0iaHR0cDovL3d3dy53My5vcmcvMjAwMC9zdmciPjwvc3ZnPg==\" style=\"--smush-placeholder-width: 300px; --smush-placeholder-aspect-ratio: 300\/168;\" \/><\/a> <a href=\"http:\/\/www.covesdencimany.com\/gestor\/wp-content\/uploads\/2014\/02\/Maisa.jpg\"><img decoding=\"async\" class=\"alignleft size-medium wp-image-3737 lazyload\" alt=\"Maisa\" data-src=\"http:\/\/www.covesdencimany.com\/gestor\/wp-content\/uploads\/2014\/02\/Maisa-300x168.jpg\" width=\"300\" height=\"168\" src=\"data:image\/svg+xml;base64,PHN2ZyB3aWR0aD0iMSIgaGVpZ2h0PSIxIiB4bWxucz0iaHR0cDovL3d3dy53My5vcmcvMjAwMC9zdmciPjwvc3ZnPg==\" style=\"--smush-placeholder-width: 300px; --smush-placeholder-aspect-ratio: 300\/168;\" \/><\/a><\/p>\n<p>&nbsp;<\/p>\n<p>&nbsp;<\/p>\n<p>&nbsp;<\/p>\n<p>&nbsp;<\/p>\n<p>&nbsp;<\/p>\n<p><b>Nens grans i petits conviuen, es respecten, aprenen junts.<\/b><\/p>\n","protected":false},"excerpt":{"rendered":"<p>L\u2019educaci\u00f3 infantil a la nostra escola t\u00e9 com a objectius el creixement harm\u00f2nic i feli\u00e7 dels infants que acull. La nostra finalitat \u00e9s educar, juntament amb les fam\u00edlies. La nostra l\u00ednia educativa est\u00e0 basada i fonamentada en les teories de molts mestres i pedagogs que hem anat coneixent dins del marc del constructivisme. La nostra &#8230;<\/p>\n","protected":false},"author":2,"featured_media":3730,"comment_status":"open","ping_status":"open","sticky":false,"template":"","format":"standard","meta":{"_acf_changed":false,"footnotes":""},"categories":[22,23],"tags":[],"class_list":["post-3745","post","type-post","status-publish","format-standard","has-post-thumbnail","hentry","category-projecte-educatiu","category-els-trets-didentitat-a-educacio-infantil"],"acf":{"photo_gallery":{"galeria_de_fotografies":[[]]}},"_links":{"self":[{"href":"https:\/\/www.covesdencimany.com\/coves24\/wp-json\/wp\/v2\/posts\/3745","targetHints":{"allow":["GET"]}}],"collection":[{"href":"https:\/\/www.covesdencimany.com\/coves24\/wp-json\/wp\/v2\/posts"}],"about":[{"href":"https:\/\/www.covesdencimany.com\/coves24\/wp-json\/wp\/v2\/types\/post"}],"author":[{"embeddable":true,"href":"https:\/\/www.covesdencimany.com\/coves24\/wp-json\/wp\/v2\/users\/2"}],"replies":[{"embeddable":true,"href":"https:\/\/www.covesdencimany.com\/coves24\/wp-json\/wp\/v2\/comments?post=3745"}],"version-history":[{"count":0,"href":"https:\/\/www.covesdencimany.com\/coves24\/wp-json\/wp\/v2\/posts\/3745\/revisions"}],"wp:featuredmedia":[{"embeddable":true,"href":"https:\/\/www.covesdencimany.com\/coves24\/wp-json\/"}],"wp:attachment":[{"href":"https:\/\/www.covesdencimany.com\/coves24\/wp-json\/wp\/v2\/media?parent=3745"}],"wp:term":[{"taxonomy":"category","embeddable":true,"href":"https:\/\/www.covesdencimany.com\/coves24\/wp-json\/wp\/v2\/categories?post=3745"},{"taxonomy":"post_tag","embeddable":true,"href":"https:\/\/www.covesdencimany.com\/coves24\/wp-json\/wp\/v2\/tags?post=3745"}],"curies":[{"name":"wp","href":"https:\/\/api.w.org\/{rel}","templated":true}]}}