{"id":28026,"date":"2024-09-23T13:10:45","date_gmt":"2024-09-23T11:10:45","guid":{"rendered":"https:\/\/www.covesdencimany.com\/?p=28026"},"modified":"2024-09-23T13:10:45","modified_gmt":"2024-09-23T11:10:45","slug":"28026-2","status":"publish","type":"post","link":"https:\/\/www.covesdencimany.com\/coves24\/28026-2\/","title":{"rendered":"Celebrem les Festes de la Merc\u00e8!"},"content":{"rendered":"<div class=\"gmail_attr\">Avui a la Comunitat de Grans hem fet una jornada de tallers per a celebrar les festes de la Merc\u00e8. Hem dissenyat cartells, ens hem fet entrevistes i tamb\u00e9 hem aprofitat per treure la nostra geganta Carmela i els capgrossos. Tamb\u00e9 hem intentat fer de falconers i falconeres!!!<\/div>\n<div>\u00a0<\/div>\n<div><img fetchpriority=\"high\" decoding=\"async\" class=\"alignleft size-large wp-image-28034\" src=\"https:\/\/www.covesdencimany.com\/coves24\/wp-content\/uploads\/2024\/09\/IMG-20240923-WA0022-600x432.jpg\" alt=\"\" width=\"600\" height=\"432\" \/> <img decoding=\"async\" class=\"alignleft size-large wp-image-28035 lazyload\" data-src=\"https:\/\/www.covesdencimany.com\/coves24\/wp-content\/uploads\/2024\/09\/IMG-20240923-WA0024-338x600.jpg\" alt=\"\" width=\"338\" height=\"600\" src=\"data:image\/svg+xml;base64,PHN2ZyB3aWR0aD0iMSIgaGVpZ2h0PSIxIiB4bWxucz0iaHR0cDovL3d3dy53My5vcmcvMjAwMC9zdmciPjwvc3ZnPg==\" style=\"--smush-placeholder-width: 338px; --smush-placeholder-aspect-ratio: 338\/600;\" \/><\/div>\n<div><img decoding=\"async\" class=\"alignleft size-large wp-image-28027 lazyload\" data-src=\"https:\/\/www.covesdencimany.com\/coves24\/wp-content\/uploads\/2024\/09\/IMG-20240923-WA0014-450x600.jpg\" alt=\"\" width=\"450\" height=\"600\" src=\"data:image\/svg+xml;base64,PHN2ZyB3aWR0aD0iMSIgaGVpZ2h0PSIxIiB4bWxucz0iaHR0cDovL3d3dy53My5vcmcvMjAwMC9zdmciPjwvc3ZnPg==\" style=\"--smush-placeholder-width: 450px; --smush-placeholder-aspect-ratio: 450\/600;\" \/> <img decoding=\"async\" class=\"alignleft size-large wp-image-28028 lazyload\" data-src=\"https:\/\/www.covesdencimany.com\/coves24\/wp-content\/uploads\/2024\/09\/IMG-20240923-WA0012-600x450.jpg\" alt=\"\" width=\"600\" height=\"450\" src=\"data:image\/svg+xml;base64,PHN2ZyB3aWR0aD0iMSIgaGVpZ2h0PSIxIiB4bWxucz0iaHR0cDovL3d3dy53My5vcmcvMjAwMC9zdmciPjwvc3ZnPg==\" style=\"--smush-placeholder-width: 600px; --smush-placeholder-aspect-ratio: 600\/450;\" \/> <img decoding=\"async\" class=\"alignleft size-large wp-image-28029 lazyload\" data-src=\"https:\/\/www.covesdencimany.com\/coves24\/wp-content\/uploads\/2024\/09\/IMG-20240923-WA0008-450x600.jpg\" alt=\"\" width=\"450\" height=\"600\" src=\"data:image\/svg+xml;base64,PHN2ZyB3aWR0aD0iMSIgaGVpZ2h0PSIxIiB4bWxucz0iaHR0cDovL3d3dy53My5vcmcvMjAwMC9zdmciPjwvc3ZnPg==\" style=\"--smush-placeholder-width: 450px; --smush-placeholder-aspect-ratio: 450\/600;\" \/> <img decoding=\"async\" class=\"alignleft size-large wp-image-28030 lazyload\" data-src=\"https:\/\/www.covesdencimany.com\/coves24\/wp-content\/uploads\/2024\/09\/IMG-20240923-WA0006-450x600.jpg\" alt=\"\" width=\"450\" height=\"600\" src=\"data:image\/svg+xml;base64,PHN2ZyB3aWR0aD0iMSIgaGVpZ2h0PSIxIiB4bWxucz0iaHR0cDovL3d3dy53My5vcmcvMjAwMC9zdmciPjwvc3ZnPg==\" style=\"--smush-placeholder-width: 450px; --smush-placeholder-aspect-ratio: 450\/600;\" \/> <img decoding=\"async\" class=\"alignleft size-large wp-image-28031 lazyload\" data-src=\"https:\/\/www.covesdencimany.com\/coves24\/wp-content\/uploads\/2024\/09\/IMG_20240923_101633-450x600.jpg\" alt=\"\" width=\"450\" height=\"600\" src=\"data:image\/svg+xml;base64,PHN2ZyB3aWR0aD0iMSIgaGVpZ2h0PSIxIiB4bWxucz0iaHR0cDovL3d3dy53My5vcmcvMjAwMC9zdmciPjwvc3ZnPg==\" style=\"--smush-placeholder-width: 450px; --smush-placeholder-aspect-ratio: 450\/600;\" \/><\/div>\n<div class=\"yj6qo\">\u00a0<\/div>\n","protected":false},"excerpt":{"rendered":"<p>Avui a la Comunitat de Grans hem fet una jornada de tallers per a celebrar les festes de la Merc\u00e8. Hem dissenyat cartells, ens hem fet entrevistes i tamb\u00e9 hem aprofitat per treure la nostra geganta Carmela i els capgrossos. Tamb\u00e9 hem intentat fer de falconers i falconeres!!! \u00a0 \u00a0<\/p>\n","protected":false},"author":2,"featured_media":28030,"comment_status":"closed","ping_status":"closed","sticky":false,"template":"","format":"standard","meta":{"_acf_changed":false,"footnotes":""},"categories":[19],"tags":[],"class_list":["post-28026","post","type-post","status-publish","format-standard","has-post-thumbnail","hentry","category-cm"],"acf":{"photo_gallery":{"galeria_de_fotografies":[[]]}},"_links":{"self":[{"href":"https:\/\/www.covesdencimany.com\/coves24\/wp-json\/wp\/v2\/posts\/28026","targetHints":{"allow":["GET"]}}],"collection":[{"href":"https:\/\/www.covesdencimany.com\/coves24\/wp-json\/wp\/v2\/posts"}],"about":[{"href":"https:\/\/www.covesdencimany.com\/coves24\/wp-json\/wp\/v2\/types\/post"}],"author":[{"embeddable":true,"href":"https:\/\/www.covesdencimany.com\/coves24\/wp-json\/wp\/v2\/users\/2"}],"replies":[{"embeddable":true,"href":"https:\/\/www.covesdencimany.com\/coves24\/wp-json\/wp\/v2\/comments?post=28026"}],"version-history":[{"count":0,"href":"https:\/\/www.covesdencimany.com\/coves24\/wp-json\/wp\/v2\/posts\/28026\/revisions"}],"wp:featuredmedia":[{"embeddable":true,"href":"https:\/\/www.covesdencimany.com\/coves24\/wp-json\/"}],"wp:attachment":[{"href":"https:\/\/www.covesdencimany.com\/coves24\/wp-json\/wp\/v2\/media?parent=28026"}],"wp:term":[{"taxonomy":"category","embeddable":true,"href":"https:\/\/www.covesdencimany.com\/coves24\/wp-json\/wp\/v2\/categories?post=28026"},{"taxonomy":"post_tag","embeddable":true,"href":"https:\/\/www.covesdencimany.com\/coves24\/wp-json\/wp\/v2\/tags?post=28026"}],"curies":[{"name":"wp","href":"https:\/\/api.w.org\/{rel}","templated":true}]}}