{"id":27095,"date":"2024-02-20T08:53:22","date_gmt":"2024-02-20T07:53:22","guid":{"rendered":"https:\/\/www.covesdencimany.com\/?p=27095"},"modified":"2024-02-20T08:53:22","modified_gmt":"2024-02-20T07:53:22","slug":"erasmus-2","status":"publish","type":"post","link":"https:\/\/www.covesdencimany.com\/coves24\/erasmus-2\/","title":{"rendered":"Erasmus"},"content":{"rendered":"<div>La Rosalina i la Maria ja han comen\u00e7at els seus programes de mobilitat Erasmus + amb participants d&#8217;altres centres escolars de Catalunya. La Maria est\u00e0 a Bolzano i la Rosalina a Brescia, totes dues al nord d&#8217;It\u00e0lia.\u00a0<\/div>\n<div dir=\"auto\">\u00a0<\/div>\n<div dir=\"auto\">Avui les han rebut al Departament d&#8217;Educaci\u00f3 d&#8217;all\u00e0, on els han explicat com funciona el sistema educatiu i la manera d&#8217;acollir a l&#8217;alumnat nouvingut. Despr\u00e9s han tingut el seu primer contacte amb una escola d&#8217;educaci\u00f3 prim\u00e0ria. Tamb\u00e9 ha quedat temps fer una mica de turisme. Seguim!\u00a0<\/div>\n<div dir=\"auto\">\u00a0<\/div>\n<div dir=\"auto\">#esamtilc<\/div>\n<div dir=\"auto\">#CETE+<\/div>\n<div dir=\"auto\">#erasmusplus<\/div>\n<div dir=\"auto\">\u00a0<\/div>\n<div dir=\"auto\"><img fetchpriority=\"high\" decoding=\"async\" class=\"alignleft size-large wp-image-27096\" src=\"https:\/\/www.covesdencimany.com\/coves24\/wp-content\/uploads\/2024\/02\/IMG_20240219_084922-450x600.jpg\" alt=\"\" width=\"450\" height=\"600\" \/> <img decoding=\"async\" class=\"alignleft size-large wp-image-27097 lazyload\" data-src=\"https:\/\/www.covesdencimany.com\/coves24\/wp-content\/uploads\/2024\/02\/IMG_20240219_085841-450x600.jpg\" alt=\"\" width=\"450\" height=\"600\" src=\"data:image\/svg+xml;base64,PHN2ZyB3aWR0aD0iMSIgaGVpZ2h0PSIxIiB4bWxucz0iaHR0cDovL3d3dy53My5vcmcvMjAwMC9zdmciPjwvc3ZnPg==\" style=\"--smush-placeholder-width: 450px; --smush-placeholder-aspect-ratio: 450\/600;\" \/> <img decoding=\"async\" class=\"alignleft size-large wp-image-27098 lazyload\" data-src=\"https:\/\/www.covesdencimany.com\/coves24\/wp-content\/uploads\/2024\/02\/IMG_20240219_100521-450x600.jpg\" alt=\"\" width=\"450\" height=\"600\" src=\"data:image\/svg+xml;base64,PHN2ZyB3aWR0aD0iMSIgaGVpZ2h0PSIxIiB4bWxucz0iaHR0cDovL3d3dy53My5vcmcvMjAwMC9zdmciPjwvc3ZnPg==\" style=\"--smush-placeholder-width: 450px; --smush-placeholder-aspect-ratio: 450\/600;\" \/> <img decoding=\"async\" class=\"alignleft size-large wp-image-27099 lazyload\" data-src=\"https:\/\/www.covesdencimany.com\/coves24\/wp-content\/uploads\/2024\/02\/IMG_20240219_170838-450x600.jpg\" alt=\"\" width=\"450\" height=\"600\" src=\"data:image\/svg+xml;base64,PHN2ZyB3aWR0aD0iMSIgaGVpZ2h0PSIxIiB4bWxucz0iaHR0cDovL3d3dy53My5vcmcvMjAwMC9zdmciPjwvc3ZnPg==\" style=\"--smush-placeholder-width: 450px; --smush-placeholder-aspect-ratio: 450\/600;\" \/> <img decoding=\"async\" class=\"alignleft size-large wp-image-27100 lazyload\" data-src=\"https:\/\/www.covesdencimany.com\/coves24\/wp-content\/uploads\/2024\/02\/IMG-20240218-WA0018-600x337.jpg\" alt=\"\" width=\"600\" height=\"337\" src=\"data:image\/svg+xml;base64,PHN2ZyB3aWR0aD0iMSIgaGVpZ2h0PSIxIiB4bWxucz0iaHR0cDovL3d3dy53My5vcmcvMjAwMC9zdmciPjwvc3ZnPg==\" style=\"--smush-placeholder-width: 600px; --smush-placeholder-aspect-ratio: 600\/337;\" \/> <img decoding=\"async\" class=\"alignleft size-large wp-image-27101 lazyload\" data-src=\"https:\/\/www.covesdencimany.com\/coves24\/wp-content\/uploads\/2024\/02\/IMG-20240219-WA0037-450x600.jpg\" alt=\"\" width=\"450\" height=\"600\" src=\"data:image\/svg+xml;base64,PHN2ZyB3aWR0aD0iMSIgaGVpZ2h0PSIxIiB4bWxucz0iaHR0cDovL3d3dy53My5vcmcvMjAwMC9zdmciPjwvc3ZnPg==\" style=\"--smush-placeholder-width: 450px; --smush-placeholder-aspect-ratio: 450\/600;\" \/><\/div>\n","protected":false},"excerpt":{"rendered":"<p>La Rosalina i la Maria ja han comen\u00e7at els seus programes de mobilitat Erasmus + amb participants d&#8217;altres centres escolars de Catalunya. La Maria est\u00e0 a Bolzano i la Rosalina a Brescia, totes dues al nord d&#8217;It\u00e0lia.\u00a0 \u00a0 Avui les han rebut al Departament d&#8217;Educaci\u00f3 d&#8217;all\u00e0, on els han explicat com funciona el sistema educatiu &#8230;<\/p>\n","protected":false},"author":2,"featured_media":27101,"comment_status":"closed","ping_status":"closed","sticky":false,"template":"","format":"standard","meta":{"_acf_changed":false,"footnotes":""},"categories":[38],"tags":[],"class_list":["post-27095","post","type-post","status-publish","format-standard","has-post-thumbnail","hentry","category-comunitat-daprenentatge"],"acf":{"photo_gallery":{"galeria_de_fotografies":[[]]}},"_links":{"self":[{"href":"https:\/\/www.covesdencimany.com\/coves24\/wp-json\/wp\/v2\/posts\/27095","targetHints":{"allow":["GET"]}}],"collection":[{"href":"https:\/\/www.covesdencimany.com\/coves24\/wp-json\/wp\/v2\/posts"}],"about":[{"href":"https:\/\/www.covesdencimany.com\/coves24\/wp-json\/wp\/v2\/types\/post"}],"author":[{"embeddable":true,"href":"https:\/\/www.covesdencimany.com\/coves24\/wp-json\/wp\/v2\/users\/2"}],"replies":[{"embeddable":true,"href":"https:\/\/www.covesdencimany.com\/coves24\/wp-json\/wp\/v2\/comments?post=27095"}],"version-history":[{"count":0,"href":"https:\/\/www.covesdencimany.com\/coves24\/wp-json\/wp\/v2\/posts\/27095\/revisions"}],"wp:featuredmedia":[{"embeddable":true,"href":"https:\/\/www.covesdencimany.com\/coves24\/wp-json\/"}],"wp:attachment":[{"href":"https:\/\/www.covesdencimany.com\/coves24\/wp-json\/wp\/v2\/media?parent=27095"}],"wp:term":[{"taxonomy":"category","embeddable":true,"href":"https:\/\/www.covesdencimany.com\/coves24\/wp-json\/wp\/v2\/categories?post=27095"},{"taxonomy":"post_tag","embeddable":true,"href":"https:\/\/www.covesdencimany.com\/coves24\/wp-json\/wp\/v2\/tags?post=27095"}],"curies":[{"name":"wp","href":"https:\/\/api.w.org\/{rel}","templated":true}]}}