{"id":26159,"date":"2023-05-08T09:26:15","date_gmt":"2023-05-08T07:26:15","guid":{"rendered":"https:\/\/www.covesdencimany.com\/?p=26159"},"modified":"2023-05-08T09:26:15","modified_gmt":"2023-05-08T07:26:15","slug":"i-despres-de-leso-que","status":"publish","type":"post","link":"https:\/\/www.covesdencimany.com\/coves24\/i-despres-de-leso-que\/","title":{"rendered":"I despr\u00e9s de l&#8217;ESO, qu\u00e8?"},"content":{"rendered":"<div>A la Comunitat de Joves ens anem fent grans i cam\u00ed de prendre decisions per al futur ens comencem a plantejar quins estudis podem triar quan acabem l&#8217;ESO.<\/div>\n<div>A les tutories d&#8217;enguany de 3r i especialment el curs seg\u00fcent anirem fent recerca per a preparar-nos en la tria d&#8217;un futur itinerari d&#8217;estudis amb m\u00e9s seguretat i confian\u00e7a. I \u00e9s que sovint hi ha tantes possibilitats que cal acompanyament per a prendre la decisi\u00f3 m\u00e9s adient segons les necessitats i interessos de cada estudiant.<\/div>\n<div>\u00a0<\/div>\n<div>Sabieu que els Cicles Formatius s\u00f3n una bona oportunitat?<\/div>\n<div>Gr\u00e0cies al testimoni d&#8217;en Drake, el passat divendres 14 d&#8217;abril l&#8217;alumnat de 3r va aclarir molts dubtes i va con\u00e8ixer millor com s&#8217;estructura un Cicle Formatiu, quines sortides professionals tenen, qu\u00e8 es pot estudiar despr\u00e9s, com s\u00f3n les pr\u00e0ctiques en empresa &#8230;<\/div>\n<div>I \u00e9s que en Drake \u00e9s un jove que realitza les seves pr\u00e0ctiques del Cicle Formatiu de Grau Mitj\u00e0 de Sistemes Microinform\u00e0tics i Xarxes al Coves i ens ajuda molt\u00edssim en el bon funcionament dels dispositius. Qui millor per iniciar aquest espai de xerrades que un jove estudiant atent i treballador !!!<\/div>\n<div>\u00a0<\/div>\n<div>Molt\u00edssimes gr\u00e0cies Drake per la teva implicaci\u00f3 a l&#8217;Institut Escola. Et dediquem aquest post i t&#8217;agra\u00efm de tot cor la teva iniciativa en voler explicar-nos la teva experi\u00e8ncia. Et desitgem el millor. Molta sort !<\/div>\n<div>\u00a0<\/div>\n<div>\n<div><b><img fetchpriority=\"high\" decoding=\"async\" class=\"size-large wp-image-26160 alignnone\" src=\"https:\/\/www.covesdencimany.com\/coves24\/wp-content\/uploads\/2023\/05\/IMG-20230508-WA0001-600x450.jpg\" alt=\"\" width=\"600\" height=\"450\" \/><img decoding=\"async\" class=\"size-large wp-image-26161 alignnone lazyload\" data-src=\"https:\/\/www.covesdencimany.com\/coves24\/wp-content\/uploads\/2023\/05\/Screenshot_20230426_101309_Instagram-600x588.jpg\" alt=\"\" width=\"600\" height=\"588\" src=\"data:image\/svg+xml;base64,PHN2ZyB3aWR0aD0iMSIgaGVpZ2h0PSIxIiB4bWxucz0iaHR0cDovL3d3dy53My5vcmcvMjAwMC9zdmciPjwvc3ZnPg==\" style=\"--smush-placeholder-width: 600px; --smush-placeholder-aspect-ratio: 600\/588;\" \/><\/b><\/div>\n<\/div>\n<div>\u00a0<\/div>\n<div><b>Drake Seisdedos<\/b><\/div>\n<div>\n<div><span style=\"color: #000000;\">Estudiant al centre BEMEN-3 del CFGM Sistemes Microinform\u00e0tics i Xarxes<\/span><\/div>\n<div><span style=\"color: #000000;\">Enguany realitza les pr\u00e0ctiques del Cicle Formatiu a l&#8217;IE Coves d&#8217;en Cimany<\/span><\/div>\n<\/div>\n","protected":false},"excerpt":{"rendered":"<p>A la Comunitat de Joves ens anem fent grans i cam\u00ed de prendre decisions per al futur ens comencem a plantejar quins estudis podem triar quan acabem l&#8217;ESO. A les tutories d&#8217;enguany de 3r i especialment el curs seg\u00fcent anirem fent recerca per a preparar-nos en la tria d&#8217;un futur itinerari d&#8217;estudis amb m\u00e9s seguretat &#8230;<\/p>\n","protected":false},"author":2,"featured_media":26160,"comment_status":"closed","ping_status":"closed","sticky":false,"template":"","format":"standard","meta":{"_acf_changed":false,"footnotes":""},"categories":[21],"tags":[],"class_list":["post-26159","post","type-post","status-publish","format-standard","has-post-thumbnail","hentry","category-eso"],"acf":{"photo_gallery":{"galeria_de_fotografies":[[]]}},"_links":{"self":[{"href":"https:\/\/www.covesdencimany.com\/coves24\/wp-json\/wp\/v2\/posts\/26159","targetHints":{"allow":["GET"]}}],"collection":[{"href":"https:\/\/www.covesdencimany.com\/coves24\/wp-json\/wp\/v2\/posts"}],"about":[{"href":"https:\/\/www.covesdencimany.com\/coves24\/wp-json\/wp\/v2\/types\/post"}],"author":[{"embeddable":true,"href":"https:\/\/www.covesdencimany.com\/coves24\/wp-json\/wp\/v2\/users\/2"}],"replies":[{"embeddable":true,"href":"https:\/\/www.covesdencimany.com\/coves24\/wp-json\/wp\/v2\/comments?post=26159"}],"version-history":[{"count":0,"href":"https:\/\/www.covesdencimany.com\/coves24\/wp-json\/wp\/v2\/posts\/26159\/revisions"}],"wp:featuredmedia":[{"embeddable":true,"href":"https:\/\/www.covesdencimany.com\/coves24\/wp-json\/"}],"wp:attachment":[{"href":"https:\/\/www.covesdencimany.com\/coves24\/wp-json\/wp\/v2\/media?parent=26159"}],"wp:term":[{"taxonomy":"category","embeddable":true,"href":"https:\/\/www.covesdencimany.com\/coves24\/wp-json\/wp\/v2\/categories?post=26159"},{"taxonomy":"post_tag","embeddable":true,"href":"https:\/\/www.covesdencimany.com\/coves24\/wp-json\/wp\/v2\/tags?post=26159"}],"curies":[{"name":"wp","href":"https:\/\/api.w.org\/{rel}","templated":true}]}}