{"id":22164,"date":"2021-05-17T16:24:14","date_gmt":"2021-05-17T14:24:14","guid":{"rendered":"https:\/\/www.covesdencimany.com\/gestor\/?p=22164"},"modified":"2021-05-17T16:24:14","modified_gmt":"2021-05-17T14:24:14","slug":"el-cel-sobre-el-carmel","status":"publish","type":"post","link":"https:\/\/www.covesdencimany.com\/coves24\/el-cel-sobre-el-carmel\/","title":{"rendered":"&#8220;El cel sobre el Carmel&#8221;"},"content":{"rendered":"<blockquote class=\"twitter-tweet\" data-width=\"550\" data-dnt=\"true\">\n<p lang=\"ca\" dir=\"ltr\">De nou El cel sobre el Carmel porta la m\u00e0gia del m\u00f3n del cinema al barri de la ma del <a href=\"https:\/\/twitter.com\/civiccarmel?ref_src=twsrc%5Etfw\">@civiccarmel<\/a> en escenaris in\u00e8dits com els jardins de la Granja Vella de Mart\u00ed Codolar <a href=\"https:\/\/twitter.com\/PESMartico?ref_src=twsrc%5Etfw\">@PESMartico<\/a> i el pati de <a href=\"https:\/\/twitter.com\/EscolaCoves?ref_src=twsrc%5Etfw\">@EscolaCoves<\/a> en una aposta per la creativitat de la cultura de proximitat a <a href=\"https:\/\/twitter.com\/bcn_hg?ref_src=twsrc%5Etfw\">@bcn_hg<\/a> <a href=\"https:\/\/t.co\/9WhD7zoL1H\">pic.twitter.com\/9WhD7zoL1H<\/a><\/p>\n<p>&mdash; Elena Tarifa @elenatarifa.bsky.social (@TarifaElena) <a href=\"https:\/\/twitter.com\/TarifaElena\/status\/1393685873825304578?ref_src=twsrc%5Etfw\">May 15, 2021<\/a><\/p><\/blockquote>\n<p><script async src=\"https:\/\/platform.twitter.com\/widgets.js\" charset=\"utf-8\"><\/script><\/p>\n","protected":false},"excerpt":{"rendered":"<p>De nou El cel sobre el Carmel porta la m\u00e0gia del m\u00f3n del cinema al barri de la ma del @civiccarmel en escenaris in\u00e8dits com els jardins de la Granja Vella de Mart\u00ed Codolar @PESMartico i el pati de @EscolaCoves en una aposta per la creativitat de la cultura de proximitat a @bcn_hg pic.twitter.com\/9WhD7zoL1H &mdash; &#8230;<\/p>\n","protected":false},"author":2,"featured_media":22165,"comment_status":"closed","ping_status":"closed","sticky":false,"template":"","format":"standard","meta":{"_acf_changed":false,"footnotes":""},"categories":[39],"tags":[],"class_list":["post-22164","post","type-post","status-publish","format-standard","has-post-thumbnail","hentry","category-convivencia"],"acf":{"photo_gallery":{"galeria_de_fotografies":[[]]}},"_links":{"self":[{"href":"https:\/\/www.covesdencimany.com\/coves24\/wp-json\/wp\/v2\/posts\/22164","targetHints":{"allow":["GET"]}}],"collection":[{"href":"https:\/\/www.covesdencimany.com\/coves24\/wp-json\/wp\/v2\/posts"}],"about":[{"href":"https:\/\/www.covesdencimany.com\/coves24\/wp-json\/wp\/v2\/types\/post"}],"author":[{"embeddable":true,"href":"https:\/\/www.covesdencimany.com\/coves24\/wp-json\/wp\/v2\/users\/2"}],"replies":[{"embeddable":true,"href":"https:\/\/www.covesdencimany.com\/coves24\/wp-json\/wp\/v2\/comments?post=22164"}],"version-history":[{"count":0,"href":"https:\/\/www.covesdencimany.com\/coves24\/wp-json\/wp\/v2\/posts\/22164\/revisions"}],"wp:featuredmedia":[{"embeddable":true,"href":"https:\/\/www.covesdencimany.com\/coves24\/wp-json\/"}],"wp:attachment":[{"href":"https:\/\/www.covesdencimany.com\/coves24\/wp-json\/wp\/v2\/media?parent=22164"}],"wp:term":[{"taxonomy":"category","embeddable":true,"href":"https:\/\/www.covesdencimany.com\/coves24\/wp-json\/wp\/v2\/categories?post=22164"},{"taxonomy":"post_tag","embeddable":true,"href":"https:\/\/www.covesdencimany.com\/coves24\/wp-json\/wp\/v2\/tags?post=22164"}],"curies":[{"name":"wp","href":"https:\/\/api.w.org\/{rel}","templated":true}]}}