{"id":16177,"date":"2019-01-18T17:52:19","date_gmt":"2019-01-18T16:52:19","guid":{"rendered":"http:\/\/www.covesdencimany.com\/gestor\/?p=16177"},"modified":"2019-01-18T17:52:19","modified_gmt":"2019-01-18T16:52:19","slug":"6e-sortida-al-museu-de-la-ciencia-i-la-tecnica-de-terrassa","status":"publish","type":"post","link":"https:\/\/www.covesdencimany.com\/coves24\/6e-sortida-al-museu-de-la-ciencia-i-la-tecnica-de-terrassa\/","title":{"rendered":"6\u00e8 Sortida al Museu de la Ci\u00e8ncia i la T\u00e8cnica de Terrassa"},"content":{"rendered":"<p>Aquest divendres l&#8217;alumnat ha realitzat una sortida de tot el dia relacionada amb el projecte Patrimonia&#8217;m. Hem vist com es treballava en una f\u00e0brica t\u00e8xtil\u00a0 a partir de l&#8217;any 1910. Tots els alumnes s&#8217;han posat a la pell dels treballadors d&#8217;aquella \u00e8poca i s&#8217;han divertit molt veient el funcionament de les m\u00e0quines t\u00e8xtils que s&#8217;utilitzaven aleshores.\u00a0<\/p>\n<p><a href=\"http:\/\/www.covesdencimany.com\/gestor\/6e-sortida-al-museu-de-la-ciencia-i-la-tecnica-de-terrassa\/cof\/\" rel=\"attachment wp-att-16178\"><img fetchpriority=\"high\" decoding=\"async\" class=\"alignleft size-medium wp-image-16178\" src=\"http:\/\/www.covesdencimany.com\/gestor\/wp-content\/uploads\/2019\/01\/IMG_20190118_115933-225x300.jpg\" alt=\"cof\" width=\"225\" height=\"300\" \/><\/a> <a href=\"http:\/\/www.covesdencimany.com\/gestor\/6e-sortida-al-museu-de-la-ciencia-i-la-tecnica-de-terrassa\/cof-2\/\" rel=\"attachment wp-att-16179\"><img decoding=\"async\" class=\"alignleft size-medium wp-image-16179 lazyload\" data-src=\"http:\/\/www.covesdencimany.com\/gestor\/wp-content\/uploads\/2019\/01\/IMG_20190118_120823-300x225.jpg\" alt=\"cof\" width=\"300\" height=\"225\" src=\"data:image\/svg+xml;base64,PHN2ZyB3aWR0aD0iMSIgaGVpZ2h0PSIxIiB4bWxucz0iaHR0cDovL3d3dy53My5vcmcvMjAwMC9zdmciPjwvc3ZnPg==\" style=\"--smush-placeholder-width: 300px; --smush-placeholder-aspect-ratio: 300\/225;\" \/><\/a> <a href=\"http:\/\/www.covesdencimany.com\/gestor\/6e-sortida-al-museu-de-la-ciencia-i-la-tecnica-de-terrassa\/cof-3\/\" rel=\"attachment wp-att-16180\"><img decoding=\"async\" class=\"alignleft size-medium wp-image-16180 lazyload\" data-src=\"http:\/\/www.covesdencimany.com\/gestor\/wp-content\/uploads\/2019\/01\/IMG_20190118_122419-2-300x225.jpg\" alt=\"cof\" width=\"300\" height=\"225\" src=\"data:image\/svg+xml;base64,PHN2ZyB3aWR0aD0iMSIgaGVpZ2h0PSIxIiB4bWxucz0iaHR0cDovL3d3dy53My5vcmcvMjAwMC9zdmciPjwvc3ZnPg==\" style=\"--smush-placeholder-width: 300px; --smush-placeholder-aspect-ratio: 300\/225;\" \/><\/a> <a href=\"http:\/\/www.covesdencimany.com\/gestor\/6e-sortida-al-museu-de-la-ciencia-i-la-tecnica-de-terrassa\/cof-4\/\" rel=\"attachment wp-att-16181\"><img decoding=\"async\" class=\"alignleft size-medium wp-image-16181 lazyload\" data-src=\"http:\/\/www.covesdencimany.com\/gestor\/wp-content\/uploads\/2019\/01\/IMG_20190118_123028-1-300x225.jpg\" alt=\"cof\" width=\"300\" height=\"225\" src=\"data:image\/svg+xml;base64,PHN2ZyB3aWR0aD0iMSIgaGVpZ2h0PSIxIiB4bWxucz0iaHR0cDovL3d3dy53My5vcmcvMjAwMC9zdmciPjwvc3ZnPg==\" style=\"--smush-placeholder-width: 300px; --smush-placeholder-aspect-ratio: 300\/225;\" \/><\/a> <a href=\"http:\/\/www.covesdencimany.com\/gestor\/6e-sortida-al-museu-de-la-ciencia-i-la-tecnica-de-terrassa\/img_20190118_101217614\/\" rel=\"attachment wp-att-16182\"><img decoding=\"async\" class=\"alignleft size-medium wp-image-16182 lazyload\" data-src=\"http:\/\/www.covesdencimany.com\/gestor\/wp-content\/uploads\/2019\/01\/IMG_20190118_101217614-169x300.jpg\" alt=\"IMG_20190118_101217614\" width=\"169\" height=\"300\" src=\"data:image\/svg+xml;base64,PHN2ZyB3aWR0aD0iMSIgaGVpZ2h0PSIxIiB4bWxucz0iaHR0cDovL3d3dy53My5vcmcvMjAwMC9zdmciPjwvc3ZnPg==\" style=\"--smush-placeholder-width: 169px; --smush-placeholder-aspect-ratio: 169\/300;\" \/><\/a> <a href=\"http:\/\/www.covesdencimany.com\/gestor\/6e-sortida-al-museu-de-la-ciencia-i-la-tecnica-de-terrassa\/img_20190118_115049657\/\" rel=\"attachment wp-att-16183\"><img decoding=\"async\" class=\"alignleft size-medium wp-image-16183 lazyload\" data-src=\"http:\/\/www.covesdencimany.com\/gestor\/wp-content\/uploads\/2019\/01\/IMG_20190118_115049657-300x169.jpg\" alt=\"IMG_20190118_115049657\" width=\"300\" height=\"169\" src=\"data:image\/svg+xml;base64,PHN2ZyB3aWR0aD0iMSIgaGVpZ2h0PSIxIiB4bWxucz0iaHR0cDovL3d3dy53My5vcmcvMjAwMC9zdmciPjwvc3ZnPg==\" style=\"--smush-placeholder-width: 300px; --smush-placeholder-aspect-ratio: 300\/169;\" \/><\/a> <a href=\"http:\/\/www.covesdencimany.com\/gestor\/6e-sortida-al-museu-de-la-ciencia-i-la-tecnica-de-terrassa\/img_20190118_123633111\/\" rel=\"attachment wp-att-16184\"><img decoding=\"async\" class=\"alignleft size-medium wp-image-16184 lazyload\" data-src=\"http:\/\/www.covesdencimany.com\/gestor\/wp-content\/uploads\/2019\/01\/IMG_20190118_123633111-300x169.jpg\" alt=\"IMG_20190118_123633111\" width=\"300\" height=\"169\" src=\"data:image\/svg+xml;base64,PHN2ZyB3aWR0aD0iMSIgaGVpZ2h0PSIxIiB4bWxucz0iaHR0cDovL3d3dy53My5vcmcvMjAwMC9zdmciPjwvc3ZnPg==\" style=\"--smush-placeholder-width: 300px; --smush-placeholder-aspect-ratio: 300\/169;\" \/><\/a> <a href=\"http:\/\/www.covesdencimany.com\/gestor\/6e-sortida-al-museu-de-la-ciencia-i-la-tecnica-de-terrassa\/img_20190118_142533452\/\" rel=\"attachment wp-att-16185\"><img decoding=\"async\" class=\"alignleft size-medium wp-image-16185 lazyload\" data-src=\"http:\/\/www.covesdencimany.com\/gestor\/wp-content\/uploads\/2019\/01\/IMG_20190118_142533452-300x169.jpg\" alt=\"IMG_20190118_142533452\" width=\"300\" height=\"169\" src=\"data:image\/svg+xml;base64,PHN2ZyB3aWR0aD0iMSIgaGVpZ2h0PSIxIiB4bWxucz0iaHR0cDovL3d3dy53My5vcmcvMjAwMC9zdmciPjwvc3ZnPg==\" style=\"--smush-placeholder-width: 300px; --smush-placeholder-aspect-ratio: 300\/169;\" \/><\/a><\/p>\n","protected":false},"excerpt":{"rendered":"<p>Aquest divendres l&#8217;alumnat ha realitzat una sortida de tot el dia relacionada amb el projecte Patrimonia&#8217;m. Hem vist com es treballava en una f\u00e0brica t\u00e8xtil\u00a0 a partir de l&#8217;any 1910. Tots els alumnes s&#8217;han posat a la pell dels treballadors d&#8217;aquella \u00e8poca i s&#8217;han divertit molt veient el funcionament de les m\u00e0quines t\u00e8xtils que s&#8217;utilitzaven &#8230;<\/p>\n","protected":false},"author":2,"featured_media":16180,"comment_status":"open","ping_status":"open","sticky":false,"template":"","format":"standard","meta":{"_acf_changed":false,"footnotes":""},"categories":[19],"tags":[],"class_list":["post-16177","post","type-post","status-publish","format-standard","has-post-thumbnail","hentry","category-cm"],"acf":{"photo_gallery":{"galeria_de_fotografies":[[]]}},"_links":{"self":[{"href":"https:\/\/www.covesdencimany.com\/coves24\/wp-json\/wp\/v2\/posts\/16177","targetHints":{"allow":["GET"]}}],"collection":[{"href":"https:\/\/www.covesdencimany.com\/coves24\/wp-json\/wp\/v2\/posts"}],"about":[{"href":"https:\/\/www.covesdencimany.com\/coves24\/wp-json\/wp\/v2\/types\/post"}],"author":[{"embeddable":true,"href":"https:\/\/www.covesdencimany.com\/coves24\/wp-json\/wp\/v2\/users\/2"}],"replies":[{"embeddable":true,"href":"https:\/\/www.covesdencimany.com\/coves24\/wp-json\/wp\/v2\/comments?post=16177"}],"version-history":[{"count":0,"href":"https:\/\/www.covesdencimany.com\/coves24\/wp-json\/wp\/v2\/posts\/16177\/revisions"}],"wp:featuredmedia":[{"embeddable":true,"href":"https:\/\/www.covesdencimany.com\/coves24\/wp-json\/"}],"wp:attachment":[{"href":"https:\/\/www.covesdencimany.com\/coves24\/wp-json\/wp\/v2\/media?parent=16177"}],"wp:term":[{"taxonomy":"category","embeddable":true,"href":"https:\/\/www.covesdencimany.com\/coves24\/wp-json\/wp\/v2\/categories?post=16177"},{"taxonomy":"post_tag","embeddable":true,"href":"https:\/\/www.covesdencimany.com\/coves24\/wp-json\/wp\/v2\/tags?post=16177"}],"curies":[{"name":"wp","href":"https:\/\/api.w.org\/{rel}","templated":true}]}}